{"id":512,"date":"2019-03-29T14:39:17","date_gmt":"2019-03-29T12:39:17","guid":{"rendered":"https:\/\/www.hogar-seguro.es\/blog\/?p=512"},"modified":"2023-12-17T21:20:12","modified_gmt":"2023-12-17T19:20:12","slug":"fenomenos-naturales","status":"publish","type":"post","link":"https:\/\/www.hogar-seguro.es\/blog\/fenomenos-naturales\/03\/2019\/","title":{"rendered":"Seguros de hogar por fen\u00f3menos naturales"},"content":{"rendered":"<p>Los fen\u00f3menos naturales est\u00e1n tomando protagonismo y relevancia actualmente. En el 2017, el seguro en Espa\u00f1a pag\u00f3 m\u00e1s de 87 millones de euros por da\u00f1os ocasionados\u00a0 por\u00a0 ciclones y tornados. As\u00ed como borrascas y vientos extraordinarios. Diversas zonas del pa\u00eds atraviesan por fen\u00f3menos atmosf\u00e9ricos como fuertes lluvias e inundaciones que han dejado graves consecuencias.<\/p>\n<blockquote><p>Proteja su vivienda contratando un <a title=\"seguro de hogar contra fen\u00f3menos atmosf\u00e9ricos\" href=\"https:\/\/www.hogar-seguro.es\/fenomenos-atmosfericos.html\" target=\"_blank\" rel=\"noopener\">seguro de hogar contra fen\u00f3menos atmosf\u00e9ricos<\/a><\/p><\/blockquote>\n<p>Tal es el caso de la tragedia de Sant Lloren\u00e7 des Cardassar (Mallorca). El sector asegurador est\u00e1 en alerta por la presencia de estos fen\u00f3menos. El viento es otro fen\u00f3meno meteorol\u00f3gico que tambi\u00e9n causa da\u00f1os relevantes en diferentes partes de la geograf\u00eda nacional.<\/p>\n<p>E 2017 se tramit\u00f3 un total de 61.060 expedientes, por la ocurrencia de Tempestad Cicl\u00f3nica At\u00edpica (TCA). Las cifras fueron reportadas por \u00a0el Consorcio de Compensaci\u00f3n de Seguros (CCS). <strong>Los siniestros generaron indemnizaciones por el orden de<\/strong> <strong>los 87.980.140 euros y un coste medio por indemnizaci\u00f3n de 1.441 euros.<\/strong><\/p>\n<blockquote><p>Recuerde utilizas siempre el mejor <a href=\"https:\/\/www.hogar-seguro.es\">comparador de seguros de hogar<\/a> para contratar su seguro de hogar.<\/p><\/blockquote>\n<p>Las estad\u00edsticas tambi\u00e9n indican, que entre los a\u00f1os 2010 y 2017, la cantidad de expedientes suma 370.632 casos indemnizados. El costo de las indemnizaciones lleg\u00f3 a m\u00e1s de 3.709 millones de euros. Desde 1971 a 2017, la cifras por la ocurrencia de Tempestad Cicl\u00f3nica At\u00edpica, alcanz\u00f3 un total de 689.067 expedientes gestionados.<\/p>\n<p>Las indemnizaciones estuvieron alrededor de 1.931.710 euros. Se incluyen los importes cancelados antes de 1987. Los cuales correspond\u00edan a da\u00f1os directos causados por lluvias, pedrisco y nieve, \u00a0que no fueron \u00a0cubiertos desde ese a\u00f1o. <strong>Ya despu\u00e9s del 25 de febrero de 2014 se incluyen los importes solventados por ocurrencia de tornados y vientos extraordinarios.<\/strong><\/p>\n<div id=\"ez-toc-container\" class=\"ez-toc-v2_0_82_2 counter-hierarchy ez-toc-counter ez-toc-grey ez-toc-container-direction\">\n<div class=\"ez-toc-title-container\">\n<p class=\"ez-toc-title\" style=\"cursor:inherit\">Table of Contents<\/p>\n<span class=\"ez-toc-title-toggle\"><a href=\"#\" class=\"ez-toc-pull-right ez-toc-btn ez-toc-btn-xs ez-toc-btn-default ez-toc-toggle\" aria-label=\"Alternar tabla de contenidos\"><span class=\"ez-toc-js-icon-con\"><span class=\"\"><span class=\"eztoc-hide\" style=\"display:none;\">Toggle<\/span><span class=\"ez-toc-icon-toggle-span\"><svg style=\"fill: #999;color:#999\" xmlns=\"http:\/\/www.w3.org\/2000\/svg\" class=\"list-377408\" width=\"20px\" height=\"20px\" viewBox=\"0 0 24 24\" fill=\"none\"><path d=\"M6 6H4v2h2V6zm14 0H8v2h12V6zM4 11h2v2H4v-2zm16 0H8v2h12v-2zM4 16h2v2H4v-2zm16 0H8v2h12v-2z\" fill=\"currentColor\"><\/path><\/svg><svg style=\"fill: #999;color:#999\" class=\"arrow-unsorted-368013\" xmlns=\"http:\/\/www.w3.org\/2000\/svg\" width=\"10px\" height=\"10px\" viewBox=\"0 0 24 24\" version=\"1.2\" baseProfile=\"tiny\"><path d=\"M18.2 9.3l-6.2-6.3-6.2 6.3c-.2.2-.3.4-.3.7s.1.5.3.7c.2.2.4.3.7.3h11c.3 0 .5-.1.7-.3.2-.2.3-.5.3-.7s-.1-.5-.3-.7zM5.8 14.7l6.2 6.3 6.2-6.3c.2-.2.3-.5.3-.7s-.1-.5-.3-.7c-.2-.2-.4-.3-.7-.3h-11c-.3 0-.5.1-.7.3-.2.2-.3.5-.3.7s.1.5.3.7z\"\/><\/svg><\/span><\/span><\/span><\/a><\/span><\/div>\n<nav><ul class='ez-toc-list ez-toc-list-level-1 ' ><li class='ez-toc-page-1 ez-toc-heading-level-2'><a class=\"ez-toc-link ez-toc-heading-1\" href=\"https:\/\/www.hogar-seguro.es\/blog\/fenomenos-naturales\/03\/2019\/#%E2%80%98Ana_y_%E2%80%98Bruno_causaron_danos_por_el_orden_de_465_millones_de_euros\" >\u2018Ana\u2019 y \u2018Bruno\u2019 causaron da\u00f1os \u00a0por el orden de 46,5 millones de euros<\/a><\/li><li class='ez-toc-page-1 ez-toc-heading-level-2'><a class=\"ez-toc-link ez-toc-heading-2\" href=\"https:\/\/www.hogar-seguro.es\/blog\/fenomenos-naturales\/03\/2019\/#Danos_por_viento_son_cubiertos_por_seguro_privado\" >Da\u00f1os por viento son cubiertos por seguro privado<\/a><\/li><\/ul><\/nav><\/div>\n<h2><span class=\"ez-toc-section\" id=\"%E2%80%98Ana_y_%E2%80%98Bruno_causaron_danos_por_el_orden_de_465_millones_de_euros\"><\/span><strong>\u2018Ana\u2019 y \u2018Bruno\u2019 causaron da\u00f1os \u00a0por el orden de 46,5 millones de euros<\/strong><span class=\"ez-toc-section-end\"><\/span><\/h2>\n<p>Cuando los da\u00f1os causados por fuertes vientos no es posible atribuirlos a falta de mantenimiento o de atenci\u00f3n, <strong>el seguro de hogar los cubre.<\/strong><\/p>\n<p>Entre los siniestros \u00a0m\u00e1s recientes, se presenta el cicl\u00f3n Kurt en febrero de 2017. Caus\u00f3 da\u00f1os que alcanz\u00f3 el orden de los 72.735.592 euros en indemnizaciones. Posteriormente, en diciembre de ese mismo a\u00f1o, se present\u00f3 \u00a0la borrasca Ana. Fue \u00a0la primera tempestad fuerte que se bautiz\u00f3 en Espa\u00f1a. Caus\u00f3 fuertes da\u00f1os y las indemnizaciones alcanzaron los 8.139.640 euros.<\/p>\n<p>El cicl\u00f3n \u201cBruno\u201d se sum\u00f3 a los pocos d\u00edas de \u201cAna\u201d sumando da\u00f1os desastrosos, hasta alcanzar los 40.000 siniestros documentados. Alcanzando un costo de 46,5 millones de euros en indemnizaciones.<\/p>\n<p><strong>Cuando se trata de siniestros provocados por el viento, la cobertura de Riesgos Extraordinarios no es autom\u00e1tica.<\/strong> Depende de varios factores. Tales como la velocidad del viento \u00a0y en \u00a0algunas oportunidades, tambi\u00e9n de la concurrencia de otros fen\u00f3menos naturales. Por ejemplo, viento y lluvia, viento y fr\u00edo, entre otros.<\/p>\n<p>Por debajo de estas caracter\u00edsticas y l\u00edmites, es el seguro privado el que, debe responder por las cat\u00e1strofes registradas. Si este contempla cobertura de da\u00f1os causados por viento. <strong>Lo habitual es que los seguros privados cubran da\u00f1os por viento a partir de ciertas velocidades<\/strong>. Incluyendo <strong>el<a href=\"https:\/\/seguros-de-hogar.seguros-generales.es\/\" target=\"_blank\" rel=\"noopener\"> seguro de hogar<\/a>,<\/strong> comercios etc. Hasta las velocidades del viento que son objeto de cobertura por el Consorcio.<\/p>\n<p>Las velocidades del viento vienen reguladas por el Real Decreto 300\/2004, de 20 de febrero, en su Art\u00edculo 2.e en el que se define la \u201cTempestad cicl\u00f3nica at\u00edpica\u201d. <strong>Donde los vientos se consideran extraordinarios cuando presentan r\u00e1fagas de 120 Km\/h y sostenidos durante 3 segundos.<\/strong><\/p>\n<h2><span class=\"ez-toc-section\" id=\"Danos_por_viento_son_cubiertos_por_seguro_privado\"><\/span><strong>Da\u00f1os por viento son cubiertos por seguro privado<\/strong><span class=\"ez-toc-section-end\"><\/span><\/h2>\n<p>Cada contrato de seguro es diferente dependiendo de la compa\u00f1\u00eda aseguradora entre otras cosas. Por lo tanto debe atenderse de acuerdo a las clausulas de sus Condiciones Generales. En este sentido, se puede afirmar que en la mayor\u00eda de seguros multirriesgo que se comercializan en el mercado en Espa\u00f1a, garantizan los da\u00f1os causados por vientos. Mientras \u00a0superen una determinada velocidad.<\/p>\n<p>Solamente hasta el l\u00edmite m\u00e1ximo donde superan las velocidades a partir de las cuales entra en efecto la cobertura de Riesgos Extraordinarios.<\/p>\n<p>La velocidad m\u00ednima puede variar. Se contemplan cifras diversas de acuerdo a la aseguradora. Consideran 75 km\/h, 80 km\/h, 84 km\/h o 90 km\/h. Tambi\u00e9n hay textos en algunas cl\u00e1usulas que son menos concretos.<\/p>\n<p>Como por ejemplo, \u201cque se registren tambi\u00e9n da\u00f1os en otras viviendas distintas de la asegurada en una radio de 500 m\u201d, o \u201cque no se puedan considerar propios del lugar y \u00e9poca del a\u00f1o\u201d.<\/p>\n<p>En tal caso, las cobertura de da\u00f1os causados por vientos si los cubren <strong>los <a href=\"https:\/\/seguros-de-hogar.seguros-generales.es\/\" target=\"_blank\" rel=\"noopener\">seguros de hogar<\/a><\/strong> y dem\u00e1s. Siempre y cuando cumpla con las caracter\u00edsticas que exige la ley.<\/p>\n","protected":false},"excerpt":{"rendered":"<p>Los fen\u00f3menos naturales est\u00e1n tomando protagonismo y relevancia actualmente. En el 2017, el seguro en Espa\u00f1a pag\u00f3 m\u00e1s de 87 millones de euros por da\u00f1os ocasionados\u00a0 por\u00a0 ciclones y tornados. As\u00ed como borrascas y vientos extraordinarios. Diversas zonas del pa\u00eds atraviesan por fen\u00f3menos atmosf\u00e9ricos como fuertes lluvias e inundaciones que han dejado graves consecuencias. Proteja [&hellip;]<\/p>\n","protected":false},"author":1,"featured_media":513,"comment_status":"open","ping_status":"open","sticky":false,"template":"","format":"standard","meta":{"_et_pb_use_builder":"","_et_pb_old_content":"","_et_gb_content_width":"","footnotes":""},"categories":[43],"tags":[47,46,44],"class_list":["post-512","post","type-post","status-publish","format-standard","has-post-thumbnail","hentry","category-seguros-de-hogar","tag-cobertura-de-seguros","tag-fenomenos-atmosfericos","tag-seguros-de-hogar"],"_links":{"self":[{"href":"https:\/\/www.hogar-seguro.es\/blog\/wp-json\/wp\/v2\/posts\/512","targetHints":{"allow":["GET"]}}],"collection":[{"href":"https:\/\/www.hogar-seguro.es\/blog\/wp-json\/wp\/v2\/posts"}],"about":[{"href":"https:\/\/www.hogar-seguro.es\/blog\/wp-json\/wp\/v2\/types\/post"}],"author":[{"embeddable":true,"href":"https:\/\/www.hogar-seguro.es\/blog\/wp-json\/wp\/v2\/users\/1"}],"replies":[{"embeddable":true,"href":"https:\/\/www.hogar-seguro.es\/blog\/wp-json\/wp\/v2\/comments?post=512"}],"version-history":[{"count":4,"href":"https:\/\/www.hogar-seguro.es\/blog\/wp-json\/wp\/v2\/posts\/512\/revisions"}],"predecessor-version":[{"id":1250,"href":"https:\/\/www.hogar-seguro.es\/blog\/wp-json\/wp\/v2\/posts\/512\/revisions\/1250"}],"wp:featuredmedia":[{"embeddable":true,"href":"https:\/\/www.hogar-seguro.es\/blog\/wp-json\/wp\/v2\/media\/513"}],"wp:attachment":[{"href":"https:\/\/www.hogar-seguro.es\/blog\/wp-json\/wp\/v2\/media?parent=512"}],"wp:term":[{"taxonomy":"category","embeddable":true,"href":"https:\/\/www.hogar-seguro.es\/blog\/wp-json\/wp\/v2\/categories?post=512"},{"taxonomy":"post_tag","embeddable":true,"href":"https:\/\/www.hogar-seguro.es\/blog\/wp-json\/wp\/v2\/tags?post=512"}],"curies":[{"name":"wp","href":"https:\/\/api.w.org\/{rel}","templated":true}]}}