{"id":1489,"date":"2025-06-17T08:54:23","date_gmt":"2025-06-17T06:54:23","guid":{"rendered":"https:\/\/www.hogar-seguro.es\/blog\/?p=1489"},"modified":"2025-06-17T08:54:23","modified_gmt":"2025-06-17T06:54:23","slug":"la-luna-de-fresa","status":"publish","type":"post","link":"https:\/\/www.hogar-seguro.es\/blog\/la-luna-de-fresa\/06\/2025\/","title":{"rendered":"La Luna de Fresa iluminar\u00e1 el cielo en 2025"},"content":{"rendered":"<p><span style=\"font-weight: 400;\">Cada a\u00f1o, el firmamento nos regala momentos \u00fanicos que capturan la atenci\u00f3n de cient\u00edficos, fot\u00f3grafos y amantes del cielo nocturno. Entre estos eventos destaca la <\/span><b>Luna de Fresa<\/b><span style=\"font-weight: 400;\">, una luna llena que, pese a su nombre evocador, no tiene relaci\u00f3n directa con el color o el sabor del sat\u00e9lite natural.\u00a0<\/span><\/p>\n<p><span style=\"font-weight: 400;\">En 2025, este fen\u00f3meno volver\u00e1 a ser visible, ofreciendo una nueva oportunidad para contemplar uno de los episodios m\u00e1s simb\u00f3licos del calendario astron\u00f3mico.<\/span><\/p>\n<p><span style=\"font-weight: 400;\">La <\/span><b>Luna de Fresa<\/b><span style=\"font-weight: 400;\"> suele marcar el final de la primavera y el inicio del verano, y aunque no presente caracter\u00edsticas visuales radicalmente distintas a otras lunas llenas, su valor cultural e hist\u00f3rico la convierte en una fecha destacada.\u00a0<\/span><\/p>\n<p><span style=\"font-weight: 400;\">Este a\u00f1o, su aparici\u00f3n coincidir\u00e1 con una posici\u00f3n orbital particular, haciendo que el fen\u00f3meno adquiera un matiz especial para los observadores atentos.<\/span><\/p>\n<table>\n<tbody>\n<tr>\n<td><b>Descubre: <\/b><a href=\"https:\/\/www.hogar-seguro.es\/blog\/declaracion-renta-2024\/06\/2025\/\"><b>As\u00ed puedes ahorrar 1500 euros en la declaraci\u00f3n Renta 2024<\/b><\/a><\/td>\n<\/tr>\n<\/tbody>\n<\/table>\n<div id=\"ez-toc-container\" class=\"ez-toc-v2_0_87 counter-hierarchy ez-toc-counter ez-toc-grey ez-toc-container-direction\">\n<div class=\"ez-toc-title-container\">\n<p class=\"ez-toc-title\" style=\"cursor:inherit\">Table of Contents<\/p>\n<span class=\"ez-toc-title-toggle\"><a href=\"#\" class=\"ez-toc-pull-right ez-toc-btn ez-toc-btn-xs ez-toc-btn-default ez-toc-toggle\" aria-label=\"Alternar tabla de contenidos\"><span class=\"ez-toc-js-icon-con\"><span class=\"\"><span class=\"eztoc-hide\" style=\"display:none;\">Toggle<\/span><span class=\"ez-toc-icon-toggle-span\"><svg style=\"fill: #999;color:#999\" xmlns=\"http:\/\/www.w3.org\/2000\/svg\" class=\"list-377408\" width=\"20px\" height=\"20px\" viewBox=\"0 0 24 24\" fill=\"none\"><path d=\"M6 6H4v2h2V6zm14 0H8v2h12V6zM4 11h2v2H4v-2zm16 0H8v2h12v-2zM4 16h2v2H4v-2zm16 0H8v2h12v-2z\" fill=\"currentColor\"><\/path><\/svg><svg style=\"fill: #999;color:#999\" class=\"arrow-unsorted-368013\" xmlns=\"http:\/\/www.w3.org\/2000\/svg\" width=\"10px\" height=\"10px\" viewBox=\"0 0 24 24\" version=\"1.2\" baseProfile=\"tiny\"><path d=\"M18.2 9.3l-6.2-6.3-6.2 6.3c-.2.2-.3.4-.3.7s.1.5.3.7c.2.2.4.3.7.3h11c.3 0 .5-.1.7-.3.2-.2.3-.5.3-.7s-.1-.5-.3-.7zM5.8 14.7l6.2 6.3 6.2-6.3c.2-.2.3-.5.3-.7s-.1-.5-.3-.7c-.2-.2-.4-.3-.7-.3h-11c-.3 0-.5.1-.7.3-.2.2-.3.5-.3.7s.1.5.3.7z\"\/><\/svg><\/span><\/span><\/span><\/a><\/span><\/div>\n<nav><ul class='ez-toc-list ez-toc-list-level-1 ' ><li class='ez-toc-page-1 ez-toc-heading-level-2'><a class=\"ez-toc-link ez-toc-heading-1\" href=\"https:\/\/www.hogar-seguro.es\/blog\/la-luna-de-fresa\/06\/2025\/#%C2%BFQue_es_la_Luna_de_Fresa\" >\u00bfQu\u00e9 es la Luna de Fresa?<\/a><\/li><li class='ez-toc-page-1 ez-toc-heading-level-2'><a class=\"ez-toc-link ez-toc-heading-2\" href=\"https:\/\/www.hogar-seguro.es\/blog\/la-luna-de-fresa\/06\/2025\/#%C2%BFComo_ver_la_Luna_de_Fresa\" >\u00bfC\u00f3mo ver la Luna de Fresa?<\/a><\/li><li class='ez-toc-page-1 ez-toc-heading-level-2'><a class=\"ez-toc-link ez-toc-heading-3\" href=\"https:\/\/www.hogar-seguro.es\/blog\/la-luna-de-fresa\/06\/2025\/#Un_fenomeno_marcado_por_la_posicion_orbital\" >Un fen\u00f3meno marcado por la posici\u00f3n orbital<\/a><\/li><li class='ez-toc-page-1 ez-toc-heading-level-2'><a class=\"ez-toc-link ez-toc-heading-4\" href=\"https:\/\/www.hogar-seguro.es\/blog\/la-luna-de-fresa\/06\/2025\/#Mas_alla_del_mito_el_impacto_cultural_y_visual\" >M\u00e1s all\u00e1 del mito: el impacto cultural y visual<\/a><\/li><li class='ez-toc-page-1 ez-toc-heading-level-2'><a class=\"ez-toc-link ez-toc-heading-5\" href=\"https:\/\/www.hogar-seguro.es\/blog\/la-luna-de-fresa\/06\/2025\/#%C2%BFHabra_algo_especial_este_2025\" >\u00bfHabr\u00e1 algo especial este 2025?<\/a><\/li><\/ul><\/nav><\/div>\n<h2><span class=\"ez-toc-section\" id=\"%C2%BFQue_es_la_Luna_de_Fresa\"><\/span><b>\u00bfQu\u00e9 es la Luna de Fresa?<\/b><span class=\"ez-toc-section-end\"><\/span><\/h2>\n<p><span style=\"font-weight: 400;\">Pese a lo que muchos creen, <\/span><b>la Luna de Fresa no se llama as\u00ed por su color rojizo o rosado<\/b><span style=\"font-weight: 400;\">, sino por una tradici\u00f3n originaria de las comunidades nativas americanas del noreste de lo que hoy es Estados Unidos. Para estas culturas agr\u00edcolas, esta luna marcaba el inicio de la cosecha de fresas silvestres, de ah\u00ed su nombre simb\u00f3lico.<\/span><\/p>\n<p><span style=\"font-weight: 400;\">Desde el punto de vista astron\u00f3mico, se trata simplemente de la luna llena de junio. Este evento no implica un fen\u00f3meno f\u00edsico extraordinario, pero su simbolismo ha trascendido culturas y fronteras, convirti\u00e9ndola en un referente dentro del calendario lunar.<\/span><\/p>\n<table>\n<tbody>\n<tr>\n<td><b>Usa el nuevo <\/b><a href=\"https:\/\/www.seguros-generales.es\/seguros-hogar.html\" target=\"_blank\" rel=\"noopener\"><b>comparador de seguros de hogar<\/b><\/a><b> y elige la p\u00f3liza m\u00e1s completa al mejor precio.<\/b><\/td>\n<\/tr>\n<\/tbody>\n<\/table>\n<h2><span class=\"ez-toc-section\" id=\"%C2%BFComo_ver_la_Luna_de_Fresa\"><\/span><b>\u00bfC\u00f3mo ver la Luna de Fresa?<\/b><span class=\"ez-toc-section-end\"><\/span><\/h2>\n<p><b>Observar la Luna de Fresa no requiere de equipo especializado<\/b><span style=\"font-weight: 400;\">, pero s\u00ed de un poco de planificaci\u00f3n. En 2025, alcanzar\u00e1 su punto m\u00e1ximo el 11 de junio a las 09:44 (hora peninsular espa\u00f1ola).\u00a0<\/span><\/p>\n<p><span style=\"font-weight: 400;\">Sin embargo, el mejor momento para disfrutarla ser\u00e1 durante el atardecer del mismo d\u00eda, aproximadamente a las 21:30, cuando la luna se eleve en el horizonte y adquiera un tono m\u00e1s c\u00e1lido debido a la atm\u00f3sfera terrestre.<\/span><\/p>\n<p><span style=\"font-weight: 400;\">Si bien no habr\u00e1 un cambio visual extremo, <\/span><b>el \u00e1ngulo bajo en el cielo har\u00e1 que parezca m\u00e1s grande y cercana<\/b><span style=\"font-weight: 400;\">. Para una mejor experiencia, se recomienda buscar un lugar con horizonte despejado, como una playa, una colina o incluso un mirador urbano.\u00a0 <\/span><span style=\"font-weight: 400;\">El uso de binoculares o un telescopio puede enriquecer la vista, resaltando detalles de su superficie.<\/span><\/p>\n<p><a href=\"https:\/\/www.seguros-generales.es\/seguros-hogar.html\" target=\"_blank\" rel=\"noopener\"><img loading=\"lazy\" decoding=\"async\" class=\"aligncenter wp-image-1403 size-full\" title=\"comparador de seguros de hogar\" src=\"https:\/\/www.hogar-seguro.es\/blog\/wp-content\/uploads\/2024\/08\/HOGAR.png\" alt=\"comparador de seguros de hogar\" width=\"600\" height=\"200\" srcset=\"https:\/\/www.hogar-seguro.es\/blog\/wp-content\/uploads\/2024\/08\/HOGAR.png 600w, https:\/\/www.hogar-seguro.es\/blog\/wp-content\/uploads\/2024\/08\/HOGAR-480x160.png 480w\" sizes=\"(min-width: 0px) and (max-width: 480px) 480px, (min-width: 481px) 600px, 100vw\" \/><\/a><\/p>\n<h2><span class=\"ez-toc-section\" id=\"Un_fenomeno_marcado_por_la_posicion_orbital\"><\/span><b>Un fen\u00f3meno marcado por la posici\u00f3n orbital<\/b><span class=\"ez-toc-section-end\"><\/span><\/h2>\n<p><span style=\"font-weight: 400;\">En esta edici\u00f3n de 2025, la Luna de Fresa alcanzar\u00e1 una posici\u00f3n particularmente baja en el cielo, hasta cinco grados por debajo de lo habitual.\u00a0<\/span><\/p>\n<p><span style=\"font-weight: 400;\">Este efecto se debe a la inclinaci\u00f3n m\u00e1xima de su \u00f3rbita respecto al plano de la Tierra y a un fen\u00f3meno llamado <\/span><b>precesi\u00f3n de los nodos lunares<\/b><span style=\"font-weight: 400;\">, que ocurre aproximadamente cada 18 a\u00f1os y medio. Esta combinaci\u00f3n no volver\u00e1 a repetirse con la misma configuraci\u00f3n hasta 2043, lo que convierte al evento de este a\u00f1o en algo <\/span><b>realmente especial<\/b><span style=\"font-weight: 400;\">.<\/span><\/p>\n<h2><span class=\"ez-toc-section\" id=\"Mas_alla_del_mito_el_impacto_cultural_y_visual\"><\/span><b>M\u00e1s all\u00e1 del mito: el impacto cultural y visual<\/b><span class=\"ez-toc-section-end\"><\/span><\/h2>\n<p><span style=\"font-weight: 400;\">Aunque la <\/span><b>Luna de Fresa<\/b><span style=\"font-weight: 400;\"> pueda parecer una luna llena cualquiera, su simbolismo tiene un profundo arraigo en las tradiciones del hemisferio norte. Tambi\u00e9n es un evento que <\/span><b>inspira a fot\u00f3grafos y creadores de contenido<\/b><span style=\"font-weight: 400;\"> en todo el mundo.\u00a0<\/span><\/p>\n<p><span style=\"font-weight: 400;\">En a\u00f1os anteriores, im\u00e1genes tomadas desde lugares como la playa de Melenara han capturado su belleza sobre el mar, con un cielo te\u00f1ido de tonos c\u00e1lidos al anochecer.<\/span><\/p>\n<p><span style=\"font-weight: 400;\">El inter\u00e9s que despierta este evento demuestra que, aunque vivamos rodeados de tecnolog\u00eda, <\/span><b>el ser humano sigue sintiendo una conexi\u00f3n ancestral con los ciclos del cielo<\/b><span style=\"font-weight: 400;\">.<\/span><\/p>\n<h2><span class=\"ez-toc-section\" id=\"%C2%BFHabra_algo_especial_este_2025\"><\/span><b>\u00bfHabr\u00e1 algo especial este 2025?<\/b><span class=\"ez-toc-section-end\"><\/span><\/h2>\n<p><span style=\"font-weight: 400;\">Adem\u00e1s de su baja posici\u00f3n en el cielo, los expertos sugieren que 2025 ser\u00e1 un a\u00f1o notable para los amantes de la astronom\u00eda. La Luna de Fresa se alinear\u00e1 con condiciones atmosf\u00e9ricas que podr\u00edan <\/span><b>hacer m\u00e1s llamativa su salida<\/b><span style=\"font-weight: 400;\">, especialmente en regiones con poca contaminaci\u00f3n lum\u00ednica.<\/span><\/p>\n<p><span style=\"font-weight: 400;\">Los astr\u00f3nomos tambi\u00e9n se\u00f1alan que este a\u00f1o la luna alcanzar\u00e1 una declinaci\u00f3n de 28.6 grados, una posici\u00f3n extremadamente norte\u00f1a. Este fen\u00f3meno ser\u00e1 <\/span><b>dif\u00edcil de repetir antes de 2043<\/b><span style=\"font-weight: 400;\">, lo que a\u00f1ade m\u00e1s valor a esta observaci\u00f3n.<\/span><\/p>\n","protected":false},"excerpt":{"rendered":"<p>Cada a\u00f1o, el firmamento nos regala momentos \u00fanicos que capturan la atenci\u00f3n de cient\u00edficos, fot\u00f3grafos y amantes del cielo nocturno. Entre estos eventos destaca la Luna de Fresa, una luna llena que, pese a su nombre evocador, no tiene relaci\u00f3n directa con el color o el sabor del sat\u00e9lite natural.\u00a0 En 2025, este fen\u00f3meno volver\u00e1 [&hellip;]<\/p>\n","protected":false},"author":4,"featured_media":1490,"comment_status":"open","ping_status":"open","sticky":false,"template":"","format":"standard","meta":{"_et_pb_use_builder":"","_et_pb_old_content":"","_et_gb_content_width":"","footnotes":""},"categories":[37],"tags":[],"class_list":["post-1489","post","type-post","status-publish","format-standard","has-post-thumbnail","hentry","category-noticias"],"_links":{"self":[{"href":"https:\/\/www.hogar-seguro.es\/blog\/wp-json\/wp\/v2\/posts\/1489","targetHints":{"allow":["GET"]}}],"collection":[{"href":"https:\/\/www.hogar-seguro.es\/blog\/wp-json\/wp\/v2\/posts"}],"about":[{"href":"https:\/\/www.hogar-seguro.es\/blog\/wp-json\/wp\/v2\/types\/post"}],"author":[{"embeddable":true,"href":"https:\/\/www.hogar-seguro.es\/blog\/wp-json\/wp\/v2\/users\/4"}],"replies":[{"embeddable":true,"href":"https:\/\/www.hogar-seguro.es\/blog\/wp-json\/wp\/v2\/comments?post=1489"}],"version-history":[{"count":1,"href":"https:\/\/www.hogar-seguro.es\/blog\/wp-json\/wp\/v2\/posts\/1489\/revisions"}],"predecessor-version":[{"id":1491,"href":"https:\/\/www.hogar-seguro.es\/blog\/wp-json\/wp\/v2\/posts\/1489\/revisions\/1491"}],"wp:featuredmedia":[{"embeddable":true,"href":"https:\/\/www.hogar-seguro.es\/blog\/wp-json\/wp\/v2\/media\/1490"}],"wp:attachment":[{"href":"https:\/\/www.hogar-seguro.es\/blog\/wp-json\/wp\/v2\/media?parent=1489"}],"wp:term":[{"taxonomy":"category","embeddable":true,"href":"https:\/\/www.hogar-seguro.es\/blog\/wp-json\/wp\/v2\/categories?post=1489"},{"taxonomy":"post_tag","embeddable":true,"href":"https:\/\/www.hogar-seguro.es\/blog\/wp-json\/wp\/v2\/tags?post=1489"}],"curies":[{"name":"wp","href":"https:\/\/api.w.org\/{rel}","templated":true}]}}