{"id":1347,"date":"2024-01-31T18:55:29","date_gmt":"2024-01-31T16:55:29","guid":{"rendered":"https:\/\/www.hogar-seguro.es\/blog\/?p=1347"},"modified":"2024-01-31T18:55:29","modified_gmt":"2024-01-31T16:55:29","slug":"benidorm-fest-2024","status":"publish","type":"post","link":"https:\/\/www.hogar-seguro.es\/blog\/benidorm-fest-2024\/01\/2024\/","title":{"rendered":"Benidorm Fest 2024: Es tildado de DESASTRE"},"content":{"rendered":"<p><span style=\"font-weight: 400;\">El Benidorm Fest 2024 ya est\u00e1 aqu\u00ed y para la sorpresa de muchos ha estado envuelto en algunas controversias. Incluso hay quienes han catalogado el evento como \u00abun desastre\u00bb.\u00a0<\/span><\/p>\n<p><span style=\"font-weight: 400;\">Se trata de la tercera edici\u00f3n de este popular proyecto y actualmente se encuentra en su primera semifinal, aunque el desarrollo muy probablemente no ha sido el esperado.\u00a0<\/span><\/p>\n<p><b>Fallas en el manejo de sonido, planos inestable<\/b><span style=\"font-weight: 400;\">s y una producci\u00f3n que ha dejado mucho qu\u00e9 desear. Estos son solo algunos de los aspectos que han recibido cr\u00edticas en el Benidorm Fest y para algunos ha sido con justa raz\u00f3n.\u00a0\u00a0<\/span><\/p>\n<p><span style=\"font-weight: 400;\">Ent\u00e9rate a lo largo de este post qu\u00e9 pas\u00f3 en el Benidorm Fest y cu\u00e1les son los integrantes que conforman la semifinal. <\/span><b>\u00bfQu\u00e9 sorpresas deparar\u00e1 el evento para los pr\u00f3ximos d\u00edas? <\/b><span style=\"font-weight: 400;\">\u00bfRealmente merece la pena catalogarlo como un \u00abdesastre\u00bb?<\/span><\/p>\n<p><b>Descubre: <\/b><a title=\"Incendio en Tenerife\" href=\"https:\/\/www.hogar-seguro.es\/blog\/incendio-en-tenerife-hoy\/01\/2024\/\" target=\"_blank\" rel=\"noopener\"><b>\u00a1Arde el Sur! Incendio en Tenerife 1\/11<\/b><\/a><\/p>\n<p>&nbsp;<\/p>\n<div id=\"ez-toc-container\" class=\"ez-toc-v2_0_82_2 counter-hierarchy ez-toc-counter ez-toc-grey ez-toc-container-direction\">\n<div class=\"ez-toc-title-container\">\n<p class=\"ez-toc-title\" style=\"cursor:inherit\">Table of Contents<\/p>\n<span class=\"ez-toc-title-toggle\"><a href=\"#\" class=\"ez-toc-pull-right ez-toc-btn ez-toc-btn-xs ez-toc-btn-default ez-toc-toggle\" aria-label=\"Alternar tabla de contenidos\"><span class=\"ez-toc-js-icon-con\"><span class=\"\"><span class=\"eztoc-hide\" style=\"display:none;\">Toggle<\/span><span class=\"ez-toc-icon-toggle-span\"><svg style=\"fill: #999;color:#999\" xmlns=\"http:\/\/www.w3.org\/2000\/svg\" class=\"list-377408\" width=\"20px\" height=\"20px\" viewBox=\"0 0 24 24\" fill=\"none\"><path d=\"M6 6H4v2h2V6zm14 0H8v2h12V6zM4 11h2v2H4v-2zm16 0H8v2h12v-2zM4 16h2v2H4v-2zm16 0H8v2h12v-2z\" fill=\"currentColor\"><\/path><\/svg><svg style=\"fill: #999;color:#999\" class=\"arrow-unsorted-368013\" xmlns=\"http:\/\/www.w3.org\/2000\/svg\" width=\"10px\" height=\"10px\" viewBox=\"0 0 24 24\" version=\"1.2\" baseProfile=\"tiny\"><path d=\"M18.2 9.3l-6.2-6.3-6.2 6.3c-.2.2-.3.4-.3.7s.1.5.3.7c.2.2.4.3.7.3h11c.3 0 .5-.1.7-.3.2-.2.3-.5.3-.7s-.1-.5-.3-.7zM5.8 14.7l6.2 6.3 6.2-6.3c.2-.2.3-.5.3-.7s-.1-.5-.3-.7c-.2-.2-.4-.3-.7-.3h-11c-.3 0-.5.1-.7.3-.2.2-.3.5-.3.7s.1.5.3.7z\"\/><\/svg><\/span><\/span><\/span><\/a><\/span><\/div>\n<nav><ul class='ez-toc-list ez-toc-list-level-1 ' ><li class='ez-toc-page-1 ez-toc-heading-level-2'><a class=\"ez-toc-link ez-toc-heading-1\" href=\"https:\/\/www.hogar-seguro.es\/blog\/benidorm-fest-2024\/01\/2024\/#%C2%BFQue_paso_en_el_Benidorm_Fest_2024\" >\u00bfQu\u00e9 pas\u00f3 en el Benidorm Fest 2024?<\/a><ul class='ez-toc-list-level-3' ><li class='ez-toc-heading-level-3'><a class=\"ez-toc-link ez-toc-heading-2\" href=\"https:\/\/www.hogar-seguro.es\/blog\/benidorm-fest-2024\/01\/2024\/#RTVE_da_la_cara_por_la_locura_del_Benidorm_Fest_2024\" >RTVE da la cara por la locura del Benidorm Fest 2024<\/a><\/li><\/ul><\/li><\/ul><\/nav><\/div>\n<h2><span class=\"ez-toc-section\" id=\"%C2%BFQue_paso_en_el_Benidorm_Fest_2024\"><\/span><span style=\"color: #ff6600;\"><b>\u00bfQu\u00e9 pas\u00f3 en el Benidorm Fest 2024?<\/b><\/span><span class=\"ez-toc-section-end\"><\/span><\/h2>\n<p><span style=\"font-weight: 400;\">Justo en la semifinal del festival se registraron un sinf\u00edn de fallos que caus\u00f3 much\u00edsima preocupaci\u00f3n a los organizadores y que dej\u00f3 boquiabiertos a varios espectadores del show. Hay que tomar en cuenta que este evento adem\u00e1s de tener un aforo presencial bastante grande es un show totalmente televisivo y reproducido en vivo.\u00a0<\/span><\/p>\n<p><b>\u00bfC\u00f3mo pueden haber tantos errores en un show en vivo?<\/b><span style=\"font-weight: 400;\"> Esto es algo que muchas personas no se esperaban y que les causa una infinita impresi\u00f3n apreciar que un festival de tal aforo se ha presentado con m\u00faltiples ineficiencias.\u00a0<\/span><\/p>\n<p><span style=\"font-weight: 400;\">La buena noticia para el Benidorm Fest 2024 es que a\u00fan tiene dos oportunidades para reivindicarse y tratar de producir un show impecable y sin contratiempos. El jueves tendr\u00e1 otro espacio y luego ser\u00e1 el d\u00eda s\u00e1bado donde tendr\u00e1n un cierre del cual muchos a\u00fan conservan ciertas expectativas.\u00a0<\/span><\/p>\n<p><span style=\"font-weight: 400;\">Las cr\u00edticas tambi\u00e9n se han volcado sobre el famoso canal RTVE quien es responsable de la <\/span><b>organizaci\u00f3n del Benidorm Fest 2024<\/b><span style=\"font-weight: 400;\"> hasta cierto punto. Este festival representa una gran oportunidad para el mundo de la m\u00fasica, en donde los artistas que se presentan pueden dar a conocer sus hits, es un verdadero trampol\u00edn de oportunidades.\u00a0<\/span><\/p>\n<p><span style=\"font-weight: 400;\">Y aunque en \u00e9pocas pasadas ha sido un evento glorioso que adem\u00e1s ha permitido catapultar el impacto tur\u00edstico de la Costa Blanca, en esta oportunidad han habido muchos fallos pese a la sorpresa de la mayor\u00eda.<\/span><\/p>\n<p>&nbsp;<\/p>\n<h3><span class=\"ez-toc-section\" id=\"RTVE_da_la_cara_por_la_locura_del_Benidorm_Fest_2024\"><\/span><span style=\"color: #ff6600;\"><b>RTVE da la cara por la locura del Benidorm Fest 2024<\/b><\/span><span class=\"ez-toc-section-end\"><\/span><\/h3>\n<p><span style=\"font-weight: 400;\">El equipo de RTVE ha tomado participaci\u00f3n y responsabilidad ante lo sucedido, parte de su discurso refleja lo siguiente:<\/span><\/p>\n<p><span style=\"font-weight: 400;\">\u00abLa mezcla de sonido lleg\u00f3 en buena calidad a la unidad m\u00f3vil. El problema surge en la transmisi\u00f3n. Se est\u00e1 viendo qu\u00e9 ha provocado esa interferencia para que en televisi\u00f3n no se oiga de manera correcta. Es un tema t\u00e9cnico bastante complejo, pero lo que sal\u00eda de aqu\u00ed estaba bien mezclado, en buena calidad. Hay distintas fases de emisi\u00f3n, pues fue en una de esas fases donde se registr\u00f3 la incidencia que est\u00e1n viendo c\u00f3mo solucionar\u00bb.<\/span><\/p>\n<table>\n<tbody>\n<tr>\n<td>\n<p style=\"text-align: center;\"><span style=\"font-weight: 400;\">Usa el<\/span><a title=\"comparador de seguros de hogar\" href=\"https:\/\/www.seguros-generales.es\/seguros-hogar.html\" target=\"_blank\" rel=\"noopener\"> <b>comparador de seguros de hogar<\/b><\/a><span style=\"font-weight: 400;\"> y consigue una p\u00f3liza 100% adaptada a tus intereses. \u00a1El respaldo que mereces al instante!<\/span><\/p>\n<\/td>\n<\/tr>\n<\/tbody>\n<\/table>\n<p><span style=\"font-weight: 400;\">Para finalizar, los finalistas m\u00e1s votados del Benidorm Fest 2024 son Angy Fern\u00e1ndez y Nebulossa. Ante la mirada at\u00f3nita de sus fans Miss Cafe\u00edna ha quedado fuera al igual que Sofia Coll.<\/span><\/p>\n<p>&nbsp;<\/p>\n","protected":false},"excerpt":{"rendered":"<p>El Benidorm Fest 2024 ya est\u00e1 aqu\u00ed y para la sorpresa de muchos ha estado envuelto en algunas controversias. Incluso hay quienes han catalogado el evento como \u00abun desastre\u00bb.\u00a0 Se trata de la tercera edici\u00f3n de este popular proyecto y actualmente se encuentra en su primera semifinal, aunque el desarrollo muy probablemente no ha sido [&hellip;]<\/p>\n","protected":false},"author":4,"featured_media":1348,"comment_status":"open","ping_status":"open","sticky":false,"template":"","format":"standard","meta":{"_et_pb_use_builder":"","_et_pb_old_content":"","_et_gb_content_width":"","footnotes":""},"categories":[37],"tags":[825,828,827,826],"class_list":["post-1347","post","type-post","status-publish","format-standard","has-post-thumbnail","hentry","category-noticias","tag-benidorm-fest-2024","tag-benidorm-fest-2024-controversia","tag-benidorm-fest-2024-fallas","tag-benidorm-fest-2024-problemas"],"_links":{"self":[{"href":"https:\/\/www.hogar-seguro.es\/blog\/wp-json\/wp\/v2\/posts\/1347","targetHints":{"allow":["GET"]}}],"collection":[{"href":"https:\/\/www.hogar-seguro.es\/blog\/wp-json\/wp\/v2\/posts"}],"about":[{"href":"https:\/\/www.hogar-seguro.es\/blog\/wp-json\/wp\/v2\/types\/post"}],"author":[{"embeddable":true,"href":"https:\/\/www.hogar-seguro.es\/blog\/wp-json\/wp\/v2\/users\/4"}],"replies":[{"embeddable":true,"href":"https:\/\/www.hogar-seguro.es\/blog\/wp-json\/wp\/v2\/comments?post=1347"}],"version-history":[{"count":1,"href":"https:\/\/www.hogar-seguro.es\/blog\/wp-json\/wp\/v2\/posts\/1347\/revisions"}],"predecessor-version":[{"id":1349,"href":"https:\/\/www.hogar-seguro.es\/blog\/wp-json\/wp\/v2\/posts\/1347\/revisions\/1349"}],"wp:featuredmedia":[{"embeddable":true,"href":"https:\/\/www.hogar-seguro.es\/blog\/wp-json\/wp\/v2\/media\/1348"}],"wp:attachment":[{"href":"https:\/\/www.hogar-seguro.es\/blog\/wp-json\/wp\/v2\/media?parent=1347"}],"wp:term":[{"taxonomy":"category","embeddable":true,"href":"https:\/\/www.hogar-seguro.es\/blog\/wp-json\/wp\/v2\/categories?post=1347"},{"taxonomy":"post_tag","embeddable":true,"href":"https:\/\/www.hogar-seguro.es\/blog\/wp-json\/wp\/v2\/tags?post=1347"}],"curies":[{"name":"wp","href":"https:\/\/api.w.org\/{rel}","templated":true}]}}